{"id":51,"date":"2021-07-26T16:07:05","date_gmt":"2021-07-26T14:07:05","guid":{"rendered":"https:\/\/amelie.m4rc3l.com\/?p=51"},"modified":"2021-07-26T16:10:55","modified_gmt":"2021-07-26T14:10:55","slug":"die-harte-arbeit-am-fruehstueckstisch-und-ein-ausflug","status":"publish","type":"post","link":"https:\/\/amelie.m4rc3l.com\/?p=51","title":{"rendered":"Gesch\u00e4fte zu Tisch und ein Ausflug"},"content":{"rendered":"\n<figure class=\"wp-block-image size-large\"><img loading=\"lazy\" decoding=\"async\" width=\"1920\" height=\"2560\" src=\"https:\/\/amelie.m4rc3l.com\/wp-content\/uploads\/2021\/07\/20210726_0810394655459770158422278-scaled.jpg\" alt=\"\" class=\"wp-image-49\" srcset=\"https:\/\/amelie.m4rc3l.com\/wp-content\/uploads\/2021\/07\/20210726_0810394655459770158422278-scaled.jpg 1920w, https:\/\/amelie.m4rc3l.com\/wp-content\/uploads\/2021\/07\/20210726_0810394655459770158422278-225x300.jpg 225w, https:\/\/amelie.m4rc3l.com\/wp-content\/uploads\/2021\/07\/20210726_0810394655459770158422278-768x1024.jpg 768w, https:\/\/amelie.m4rc3l.com\/wp-content\/uploads\/2021\/07\/20210726_0810394655459770158422278-1152x1536.jpg 1152w, https:\/\/amelie.m4rc3l.com\/wp-content\/uploads\/2021\/07\/20210726_0810394655459770158422278-1536x2048.jpg 1536w\" sizes=\"auto, (max-width: 1920px) 100vw, 1920px\" \/><\/figure>\n\n\n\n<p>Heute Morgen durfte ich das erste Mal mit am Fr\u00fchst\u00fcckstisch sitzen. Ich bin mir nicht ganz sicher, was Mama und Papa dort immer treiben &#8211; ich f\u00fcr meinen Teil habe erst einmal ein gro\u00dfes Gesch\u00e4ft in meine Windel gemacht. Da Mama und Papa anschlie\u00dfend total gl\u00fccklich waren, denke ich, dass der Fr\u00fchst\u00fcckstisch der richtige Ort daf\u00fcr ist. <\/p>\n\n\n\n<figure class=\"wp-block-gallery columns-1 is-cropped wp-block-gallery-1 is-layout-flex wp-block-gallery-is-layout-flex\"><ul class=\"blocks-gallery-grid\"><li class=\"blocks-gallery-item\"><figure><img loading=\"lazy\" decoding=\"async\" width=\"2560\" height=\"1920\" src=\"https:\/\/amelie.m4rc3l.com\/wp-content\/uploads\/2021\/07\/20210726_104334-scaled.jpg\" data-id=\"50\" class=\"wp-image-50\" srcset=\"https:\/\/amelie.m4rc3l.com\/wp-content\/uploads\/2021\/07\/20210726_104334-scaled.jpg 2560w, https:\/\/amelie.m4rc3l.com\/wp-content\/uploads\/2021\/07\/20210726_104334-300x225.jpg 300w, https:\/\/amelie.m4rc3l.com\/wp-content\/uploads\/2021\/07\/20210726_104334-1024x768.jpg 1024w, https:\/\/amelie.m4rc3l.com\/wp-content\/uploads\/2021\/07\/20210726_104334-768x576.jpg 768w, https:\/\/amelie.m4rc3l.com\/wp-content\/uploads\/2021\/07\/20210726_104334-1536x1152.jpg 1536w, https:\/\/amelie.m4rc3l.com\/wp-content\/uploads\/2021\/07\/20210726_104334-2048x1536.jpg 2048w\" sizes=\"auto, (max-width: 2560px) 100vw, 2560px\" \/><\/figure><\/li><\/ul><\/figure>\n\n\n\n<p>Sp\u00e4ter haben wir noch einen Ausflug gemacht &#8230; wobei ich mir da nicht ganz sicher bin, weil ich die ganze Zeit geschlafen habe. <\/p>\n","protected":false},"excerpt":{"rendered":"<p>Heute Morgen durfte ich das erste Mal mit am Fr\u00fchst\u00fcckstisch sitzen. Ich bin mir nicht ganz sicher, was Mama und Papa dort immer treiben &#8211; ich f\u00fcr meinen Teil habe erst einmal ein gro\u00dfes Gesch\u00e4ft in meine Windel gemacht. Da Mama und Papa anschlie\u00dfend total gl\u00fccklich waren, denke ich, dass der Fr\u00fchst\u00fcckstisch der richtige Ort [&hellip;]<\/p>\n","protected":false},"author":3,"featured_media":0,"comment_status":"open","ping_status":"open","sticky":false,"template":"","format":"standard","meta":{"footnotes":""},"categories":[1],"tags":[],"class_list":["post-51","post","type-post","status-publish","format-standard","hentry","category-alltaegliches"],"_links":{"self":[{"href":"https:\/\/amelie.m4rc3l.com\/index.php?rest_route=\/wp\/v2\/posts\/51","targetHints":{"allow":["GET"]}}],"collection":[{"href":"https:\/\/amelie.m4rc3l.com\/index.php?rest_route=\/wp\/v2\/posts"}],"about":[{"href":"https:\/\/amelie.m4rc3l.com\/index.php?rest_route=\/wp\/v2\/types\/post"}],"author":[{"embeddable":true,"href":"https:\/\/amelie.m4rc3l.com\/index.php?rest_route=\/wp\/v2\/users\/3"}],"replies":[{"embeddable":true,"href":"https:\/\/amelie.m4rc3l.com\/index.php?rest_route=%2Fwp%2Fv2%2Fcomments&post=51"}],"version-history":[{"count":4,"href":"https:\/\/amelie.m4rc3l.com\/index.php?rest_route=\/wp\/v2\/posts\/51\/revisions"}],"predecessor-version":[{"id":55,"href":"https:\/\/amelie.m4rc3l.com\/index.php?rest_route=\/wp\/v2\/posts\/51\/revisions\/55"}],"wp:attachment":[{"href":"https:\/\/amelie.m4rc3l.com\/index.php?rest_route=%2Fwp%2Fv2%2Fmedia&parent=51"}],"wp:term":[{"taxonomy":"category","embeddable":true,"href":"https:\/\/amelie.m4rc3l.com\/index.php?rest_route=%2Fwp%2Fv2%2Fcategories&post=51"},{"taxonomy":"post_tag","embeddable":true,"href":"https:\/\/amelie.m4rc3l.com\/index.php?rest_route=%2Fwp%2Fv2%2Ftags&post=51"}],"curies":[{"name":"wp","href":"https:\/\/api.w.org\/{rel}","templated":true}]}}